{"id":8981,"date":"2024-01-04T15:23:07","date_gmt":"2024-01-04T14:23:07","guid":{"rendered":"https:\/\/www.galerie-stock.net\/videocity-x-umakart-brno\/"},"modified":"2024-03-28T16:03:04","modified_gmt":"2024-03-28T15:03:04","slug":"videocity-x-umakart-brno","status":"publish","type":"post","link":"https:\/\/www.galerie-stock.net\/en\/news\/videocity-x-umakart-brno\/","title":{"rendered":"Marko Zink | Videocity x Umakart Brno"},"content":{"rendered":"\t\t<div data-elementor-type=\"wp-post\" data-elementor-id=\"8981\" class=\"elementor elementor-8981 elementor-8974\">\n\t\t\t\t\t\t<section class=\"elementor-section elementor-top-section elementor-element elementor-element-137b75ea elementor-section-boxed elementor-section-height-default elementor-section-height-default\" data-id=\"137b75ea\" data-element_type=\"section\" data-e-type=\"section\">\n\t\t\t\t\t\t<div class=\"elementor-container elementor-column-gap-default\">\n\t\t\t\t\t<div class=\"elementor-column elementor-col-100 elementor-top-column elementor-element elementor-element-2388878\" data-id=\"2388878\" data-element_type=\"column\" data-e-type=\"column\">\n\t\t\t<div class=\"elementor-widget-wrap elementor-element-populated\">\n\t\t\t\t\t\t<div class=\"elementor-element elementor-element-c882cbc elementor-widget elementor-widget-text-editor\" data-id=\"c882cbc\" data-element_type=\"widget\" data-e-type=\"widget\" data-widget_type=\"text-editor.default\">\n\t\t\t\t<div class=\"elementor-widget-container\">\n\t\t\t\t\t\t\t\t\t<p><strong>16.01.2024 \u2013 13.02.2024<\/strong><\/p><p>Ausstellung als \u00f6ffentliches Kunstprojekt auf einem gro\u00dfen Monitor im Fenster der Galerie Umakart<br \/><strong>Lidick\u00e1 1875\/40, 602 00 Br\u00fcnn-Mitte, Tschechien<\/strong><br \/>\u00d6ffnungszeiten: 24\/7 jeden Tag<\/p><p>Mit der Einladung nach Br\u00fcnn wird eine Br\u00fccke zur Partnerstadt St. P\u00f6lten geschlagen. Die Br\u00fcnner Kuratorinnen Karin P\u00edsa\u0159\u00edkov\u00e1 und Jana P. Francov\u00e1 entdeckten mit Videocity einen Gleichgesinnten: beide zeigen Videokunst in Schaufenstern und bringen so Videokunst auf die Strasse und in den Alltag von vielen. Neben einem Kunstpublikum werden vor allem Passanten angesprochen.<\/p><p>Typisch f\u00fcr den \u00f6ffentlichen Raum ist, dass die Stadt die Tonspur der Videos bildet oder eine allf\u00e4llige ersetzt. Zuf\u00e4lligkeiten des Alltags greifen in die Kompositionen ein. Die Umgebung erlaubt es, die Videoarbeiten in einem neuen Licht zu sehen.<\/p><p>In der Nieder\u00f6sterreichischen Landeshauptstadt fand der von Dr. Andrea Domesle und Dr. Walter Seidl initiierte Stadtparcours nun schon zum dritten Mal vom 6.10. bis 17.12.2023 und verteilt auf neun Stationen statt. Zu sehen waren Videos von 20 K\u00fcnstler:innen aus \u00d6sterreich, Tschechien und anderen L\u00e4ndern zum Thema \u201eUtopie im Heute\u201c. Das Kuratorenduo Domesle\/Seidl stellte nicht die Frage: \u201ewas w\u00e4re, wenn?\u201c, sondern \u201ewas k\u00f6nnen wir jetzt tun?\u201c.<br \/>Es sollte nicht um eine k\u00fcnftige ideale Welt gehen, sondern um die Taten, die jede Person im Hier und Jetzt machen kann, um die Welt zu verbessern. Die Br\u00fcnner Kolleginen Jana P. Francov\u00e1 und Karin P\u00edsa\u0159\u00edkov\u00e1 zeigen auf, dass diese kleinen Schritten im Alltag stark von K\u00f6rper-Erfahrung abh\u00e4ngig sind. Ihren Zusammenstellung von sechs Videos, die insgesamt ca. 20 Min. dauert, ist als Loop zu sehen. Die K\u00fcnstler:innen leben in Istanbul, K\u00f6ln, Les Lilas bei Paris, Newcastle upon Tyne, St. P\u00f6lten bzw. Wien.<\/p><p>Videobeitrag:<\/p><p><strong>Marko Zink<\/strong><br \/>Morgenstern der finstern Nacht, 2020<br \/>2:40 Min, Ton<\/p><p>\u00a0<\/p>\t\t\t\t\t\t\t\t<\/div>\n\t\t\t\t<\/div>\n\t\t\t\t\t<\/div>\n\t\t<\/div>\n\t\t\t\t\t<\/div>\n\t\t<\/section>\n\t\t\t\t<\/div>\n\t\t","protected":false},"excerpt":{"rendered":"<p>16.01.2024 \u2013 13.02.2024<\/p>\n","protected":false},"author":2,"featured_media":7955,"comment_status":"open","ping_status":"open","sticky":false,"template":"","format":"standard","meta":{"_acf_changed":false,"_genesis_hide_title":false,"_genesis_hide_breadcrumbs":false,"_genesis_hide_singular_image":false,"_genesis_hide_footer_widgets":false,"_genesis_custom_body_class":"","_genesis_custom_post_class":"","_genesis_layout":"","footnotes":""},"categories":[470],"tags":[],"class_list":{"0":"post-8981","1":"post","2":"type-post","3":"status-publish","4":"format-standard","5":"has-post-thumbnail","7":"category-archiv-en","8":"entry"},"acf":[],"yoast_head":"<!-- This site is optimized with the Yoast SEO plugin v27.9 - https:\/\/yoast.com\/product\/yoast-seo-wordpress\/ -->\n<title>Marko Zink | Videocity x Umakart Brno - galerie | michaela | stock<\/title>\n<meta name=\"robots\" content=\"index, follow, max-snippet:-1, max-image-preview:large, max-video-preview:-1\" \/>\n<link rel=\"canonical\" href=\"https:\/\/www.galerie-stock.net\/en\/news\/videocity-x-umakart-brno\/\" \/>\n<meta property=\"og:locale\" content=\"en_US\" \/>\n<meta property=\"og:type\" content=\"article\" \/>\n<meta property=\"og:title\" content=\"Marko Zink | Videocity x Umakart Brno - galerie | michaela | stock\" \/>\n<meta property=\"og:description\" content=\"16.01.2024 \u2013 13.02.2024\" \/>\n<meta property=\"og:url\" content=\"https:\/\/www.galerie-stock.net\/en\/news\/videocity-x-umakart-brno\/\" \/>\n<meta property=\"og:site_name\" content=\"galerie | michaela | stock\" \/>\n<meta property=\"article:publisher\" content=\"https:\/\/www.facebook.com\/galeriemichaela.stock\/\" \/>\n<meta property=\"article:published_time\" content=\"2024-01-04T14:23:07+00:00\" \/>\n<meta property=\"article:modified_time\" content=\"2024-03-28T15:03:04+00:00\" \/>\n<meta property=\"og:image\" content=\"https:\/\/www.galerie-stock.net\/wp-content\/uploads\/zink_videocity.png\" \/>\n\t<meta property=\"og:image:width\" content=\"1444\" \/>\n\t<meta property=\"og:image:height\" content=\"1044\" \/>\n\t<meta property=\"og:image:type\" content=\"image\/png\" \/>\n<meta name=\"author\" content=\"galerie-michaela-stock\" \/>\n<meta name=\"twitter:card\" content=\"summary_large_image\" \/>\n<meta name=\"twitter:label1\" content=\"Written by\" \/>\n\t<meta name=\"twitter:data1\" content=\"galerie-michaela-stock\" \/>\n\t<meta name=\"twitter:label2\" content=\"Est. reading time\" \/>\n\t<meta name=\"twitter:data2\" content=\"2 minutes\" \/>\n<script type=\"application\/ld+json\" class=\"yoast-schema-graph\">{\"@context\":\"https:\\\/\\\/schema.org\",\"@graph\":[{\"@type\":\"Article\",\"@id\":\"https:\\\/\\\/www.galerie-stock.net\\\/en\\\/news\\\/videocity-x-umakart-brno\\\/#article\",\"isPartOf\":{\"@id\":\"https:\\\/\\\/www.galerie-stock.net\\\/en\\\/news\\\/videocity-x-umakart-brno\\\/\"},\"author\":{\"name\":\"galerie-michaela-stock\",\"@id\":\"https:\\\/\\\/www.galerie-stock.net\\\/en\\\/#\\\/schema\\\/person\\\/ab7a0c51bd5279cc52e77d2cc189bf4c\"},\"headline\":\"Marko Zink | Videocity x Umakart Brno\",\"datePublished\":\"2024-01-04T14:23:07+00:00\",\"dateModified\":\"2024-03-28T15:03:04+00:00\",\"mainEntityOfPage\":{\"@id\":\"https:\\\/\\\/www.galerie-stock.net\\\/en\\\/news\\\/videocity-x-umakart-brno\\\/\"},\"wordCount\":296,\"commentCount\":0,\"publisher\":{\"@id\":\"https:\\\/\\\/www.galerie-stock.net\\\/en\\\/#organization\"},\"image\":{\"@id\":\"https:\\\/\\\/www.galerie-stock.net\\\/en\\\/news\\\/videocity-x-umakart-brno\\\/#primaryimage\"},\"thumbnailUrl\":\"https:\\\/\\\/www.galerie-stock.net\\\/wp-content\\\/uploads\\\/zink_videocity.png\",\"articleSection\":[\"Archiv\"],\"inLanguage\":\"en-US\",\"potentialAction\":[{\"@type\":\"CommentAction\",\"name\":\"Comment\",\"target\":[\"https:\\\/\\\/www.galerie-stock.net\\\/en\\\/news\\\/videocity-x-umakart-brno\\\/#respond\"]}]},{\"@type\":\"WebPage\",\"@id\":\"https:\\\/\\\/www.galerie-stock.net\\\/en\\\/news\\\/videocity-x-umakart-brno\\\/\",\"url\":\"https:\\\/\\\/www.galerie-stock.net\\\/en\\\/news\\\/videocity-x-umakart-brno\\\/\",\"name\":\"Marko Zink | Videocity x Umakart Brno - galerie | michaela | stock\",\"isPartOf\":{\"@id\":\"https:\\\/\\\/www.galerie-stock.net\\\/en\\\/#website\"},\"primaryImageOfPage\":{\"@id\":\"https:\\\/\\\/www.galerie-stock.net\\\/en\\\/news\\\/videocity-x-umakart-brno\\\/#primaryimage\"},\"image\":{\"@id\":\"https:\\\/\\\/www.galerie-stock.net\\\/en\\\/news\\\/videocity-x-umakart-brno\\\/#primaryimage\"},\"thumbnailUrl\":\"https:\\\/\\\/www.galerie-stock.net\\\/wp-content\\\/uploads\\\/zink_videocity.png\",\"datePublished\":\"2024-01-04T14:23:07+00:00\",\"dateModified\":\"2024-03-28T15:03:04+00:00\",\"breadcrumb\":{\"@id\":\"https:\\\/\\\/www.galerie-stock.net\\\/en\\\/news\\\/videocity-x-umakart-brno\\\/#breadcrumb\"},\"inLanguage\":\"en-US\",\"potentialAction\":[{\"@type\":\"ReadAction\",\"target\":[\"https:\\\/\\\/www.galerie-stock.net\\\/en\\\/news\\\/videocity-x-umakart-brno\\\/\"]}]},{\"@type\":\"ImageObject\",\"inLanguage\":\"en-US\",\"@id\":\"https:\\\/\\\/www.galerie-stock.net\\\/en\\\/news\\\/videocity-x-umakart-brno\\\/#primaryimage\",\"url\":\"https:\\\/\\\/www.galerie-stock.net\\\/wp-content\\\/uploads\\\/zink_videocity.png\",\"contentUrl\":\"https:\\\/\\\/www.galerie-stock.net\\\/wp-content\\\/uploads\\\/zink_videocity.png\",\"width\":1444,\"height\":1044},{\"@type\":\"BreadcrumbList\",\"@id\":\"https:\\\/\\\/www.galerie-stock.net\\\/en\\\/news\\\/videocity-x-umakart-brno\\\/#breadcrumb\",\"itemListElement\":[{\"@type\":\"ListItem\",\"position\":1,\"name\":\"Startseite\",\"item\":\"https:\\\/\\\/www.galerie-stock.net\\\/en\\\/\"},{\"@type\":\"ListItem\",\"position\":2,\"name\":\"Marko Zink | Videocity x Umakart Brno\"}]},{\"@type\":\"WebSite\",\"@id\":\"https:\\\/\\\/www.galerie-stock.net\\\/en\\\/#website\",\"url\":\"https:\\\/\\\/www.galerie-stock.net\\\/en\\\/\",\"name\":\"galerie | michaela | stock\",\"description\":\"\",\"publisher\":{\"@id\":\"https:\\\/\\\/www.galerie-stock.net\\\/en\\\/#organization\"},\"potentialAction\":[{\"@type\":\"SearchAction\",\"target\":{\"@type\":\"EntryPoint\",\"urlTemplate\":\"https:\\\/\\\/www.galerie-stock.net\\\/en\\\/?s={search_term_string}\"},\"query-input\":{\"@type\":\"PropertyValueSpecification\",\"valueRequired\":true,\"valueName\":\"search_term_string\"}}],\"inLanguage\":\"en-US\"},{\"@type\":\"Organization\",\"@id\":\"https:\\\/\\\/www.galerie-stock.net\\\/en\\\/#organization\",\"name\":\"galerie michaela stock\",\"url\":\"https:\\\/\\\/www.galerie-stock.net\\\/en\\\/\",\"logo\":{\"@type\":\"ImageObject\",\"inLanguage\":\"en-US\",\"@id\":\"https:\\\/\\\/www.galerie-stock.net\\\/en\\\/#\\\/schema\\\/logo\\\/image\\\/\",\"url\":\"https:\\\/\\\/www.galerie-stock.net\\\/wp-content\\\/uploads\\\/galerie-michaela-stock-logo.jpg\",\"contentUrl\":\"https:\\\/\\\/www.galerie-stock.net\\\/wp-content\\\/uploads\\\/galerie-michaela-stock-logo.jpg\",\"width\":350,\"height\":31,\"caption\":\"galerie michaela stock\"},\"image\":{\"@id\":\"https:\\\/\\\/www.galerie-stock.net\\\/en\\\/#\\\/schema\\\/logo\\\/image\\\/\"},\"sameAs\":[\"https:\\\/\\\/www.facebook.com\\\/galeriemichaela.stock\\\/\"]},{\"@type\":\"Person\",\"@id\":\"https:\\\/\\\/www.galerie-stock.net\\\/en\\\/#\\\/schema\\\/person\\\/ab7a0c51bd5279cc52e77d2cc189bf4c\",\"name\":\"galerie-michaela-stock\",\"image\":{\"@type\":\"ImageObject\",\"inLanguage\":\"en-US\",\"@id\":\"https:\\\/\\\/secure.gravatar.com\\\/avatar\\\/3bbb78925e28a4a58489933cfd317a82c322967d6352e9beae4c11aa4f6d278a?s=96&d=mm&r=g\",\"url\":\"https:\\\/\\\/secure.gravatar.com\\\/avatar\\\/3bbb78925e28a4a58489933cfd317a82c322967d6352e9beae4c11aa4f6d278a?s=96&d=mm&r=g\",\"contentUrl\":\"https:\\\/\\\/secure.gravatar.com\\\/avatar\\\/3bbb78925e28a4a58489933cfd317a82c322967d6352e9beae4c11aa4f6d278a?s=96&d=mm&r=g\",\"caption\":\"galerie-michaela-stock\"}}]}<\/script>\n<!-- \/ Yoast SEO plugin. -->","yoast_head_json":{"title":"Marko Zink | Videocity x Umakart Brno - galerie | michaela | stock","robots":{"index":"index","follow":"follow","max-snippet":"max-snippet:-1","max-image-preview":"max-image-preview:large","max-video-preview":"max-video-preview:-1"},"canonical":"https:\/\/www.galerie-stock.net\/en\/news\/videocity-x-umakart-brno\/","og_locale":"en_US","og_type":"article","og_title":"Marko Zink | Videocity x Umakart Brno - galerie | michaela | stock","og_description":"16.01.2024 \u2013 13.02.2024","og_url":"https:\/\/www.galerie-stock.net\/en\/news\/videocity-x-umakart-brno\/","og_site_name":"galerie | michaela | stock","article_publisher":"https:\/\/www.facebook.com\/galeriemichaela.stock\/","article_published_time":"2024-01-04T14:23:07+00:00","article_modified_time":"2024-03-28T15:03:04+00:00","og_image":[{"width":1444,"height":1044,"url":"https:\/\/www.galerie-stock.net\/wp-content\/uploads\/zink_videocity.png","type":"image\/png"}],"author":"galerie-michaela-stock","twitter_card":"summary_large_image","twitter_misc":{"Written by":"galerie-michaela-stock","Est. reading time":"2 minutes"},"schema":{"@context":"https:\/\/schema.org","@graph":[{"@type":"Article","@id":"https:\/\/www.galerie-stock.net\/en\/news\/videocity-x-umakart-brno\/#article","isPartOf":{"@id":"https:\/\/www.galerie-stock.net\/en\/news\/videocity-x-umakart-brno\/"},"author":{"name":"galerie-michaela-stock","@id":"https:\/\/www.galerie-stock.net\/en\/#\/schema\/person\/ab7a0c51bd5279cc52e77d2cc189bf4c"},"headline":"Marko Zink | Videocity x Umakart Brno","datePublished":"2024-01-04T14:23:07+00:00","dateModified":"2024-03-28T15:03:04+00:00","mainEntityOfPage":{"@id":"https:\/\/www.galerie-stock.net\/en\/news\/videocity-x-umakart-brno\/"},"wordCount":296,"commentCount":0,"publisher":{"@id":"https:\/\/www.galerie-stock.net\/en\/#organization"},"image":{"@id":"https:\/\/www.galerie-stock.net\/en\/news\/videocity-x-umakart-brno\/#primaryimage"},"thumbnailUrl":"https:\/\/www.galerie-stock.net\/wp-content\/uploads\/zink_videocity.png","articleSection":["Archiv"],"inLanguage":"en-US","potentialAction":[{"@type":"CommentAction","name":"Comment","target":["https:\/\/www.galerie-stock.net\/en\/news\/videocity-x-umakart-brno\/#respond"]}]},{"@type":"WebPage","@id":"https:\/\/www.galerie-stock.net\/en\/news\/videocity-x-umakart-brno\/","url":"https:\/\/www.galerie-stock.net\/en\/news\/videocity-x-umakart-brno\/","name":"Marko Zink | Videocity x Umakart Brno - galerie | michaela | stock","isPartOf":{"@id":"https:\/\/www.galerie-stock.net\/en\/#website"},"primaryImageOfPage":{"@id":"https:\/\/www.galerie-stock.net\/en\/news\/videocity-x-umakart-brno\/#primaryimage"},"image":{"@id":"https:\/\/www.galerie-stock.net\/en\/news\/videocity-x-umakart-brno\/#primaryimage"},"thumbnailUrl":"https:\/\/www.galerie-stock.net\/wp-content\/uploads\/zink_videocity.png","datePublished":"2024-01-04T14:23:07+00:00","dateModified":"2024-03-28T15:03:04+00:00","breadcrumb":{"@id":"https:\/\/www.galerie-stock.net\/en\/news\/videocity-x-umakart-brno\/#breadcrumb"},"inLanguage":"en-US","potentialAction":[{"@type":"ReadAction","target":["https:\/\/www.galerie-stock.net\/en\/news\/videocity-x-umakart-brno\/"]}]},{"@type":"ImageObject","inLanguage":"en-US","@id":"https:\/\/www.galerie-stock.net\/en\/news\/videocity-x-umakart-brno\/#primaryimage","url":"https:\/\/www.galerie-stock.net\/wp-content\/uploads\/zink_videocity.png","contentUrl":"https:\/\/www.galerie-stock.net\/wp-content\/uploads\/zink_videocity.png","width":1444,"height":1044},{"@type":"BreadcrumbList","@id":"https:\/\/www.galerie-stock.net\/en\/news\/videocity-x-umakart-brno\/#breadcrumb","itemListElement":[{"@type":"ListItem","position":1,"name":"Startseite","item":"https:\/\/www.galerie-stock.net\/en\/"},{"@type":"ListItem","position":2,"name":"Marko Zink | Videocity x Umakart Brno"}]},{"@type":"WebSite","@id":"https:\/\/www.galerie-stock.net\/en\/#website","url":"https:\/\/www.galerie-stock.net\/en\/","name":"galerie | michaela | stock","description":"","publisher":{"@id":"https:\/\/www.galerie-stock.net\/en\/#organization"},"potentialAction":[{"@type":"SearchAction","target":{"@type":"EntryPoint","urlTemplate":"https:\/\/www.galerie-stock.net\/en\/?s={search_term_string}"},"query-input":{"@type":"PropertyValueSpecification","valueRequired":true,"valueName":"search_term_string"}}],"inLanguage":"en-US"},{"@type":"Organization","@id":"https:\/\/www.galerie-stock.net\/en\/#organization","name":"galerie michaela stock","url":"https:\/\/www.galerie-stock.net\/en\/","logo":{"@type":"ImageObject","inLanguage":"en-US","@id":"https:\/\/www.galerie-stock.net\/en\/#\/schema\/logo\/image\/","url":"https:\/\/www.galerie-stock.net\/wp-content\/uploads\/galerie-michaela-stock-logo.jpg","contentUrl":"https:\/\/www.galerie-stock.net\/wp-content\/uploads\/galerie-michaela-stock-logo.jpg","width":350,"height":31,"caption":"galerie michaela stock"},"image":{"@id":"https:\/\/www.galerie-stock.net\/en\/#\/schema\/logo\/image\/"},"sameAs":["https:\/\/www.facebook.com\/galeriemichaela.stock\/"]},{"@type":"Person","@id":"https:\/\/www.galerie-stock.net\/en\/#\/schema\/person\/ab7a0c51bd5279cc52e77d2cc189bf4c","name":"galerie-michaela-stock","image":{"@type":"ImageObject","inLanguage":"en-US","@id":"https:\/\/secure.gravatar.com\/avatar\/3bbb78925e28a4a58489933cfd317a82c322967d6352e9beae4c11aa4f6d278a?s=96&d=mm&r=g","url":"https:\/\/secure.gravatar.com\/avatar\/3bbb78925e28a4a58489933cfd317a82c322967d6352e9beae4c11aa4f6d278a?s=96&d=mm&r=g","contentUrl":"https:\/\/secure.gravatar.com\/avatar\/3bbb78925e28a4a58489933cfd317a82c322967d6352e9beae4c11aa4f6d278a?s=96&d=mm&r=g","caption":"galerie-michaela-stock"}}]}},"_links":{"self":[{"href":"https:\/\/www.galerie-stock.net\/en\/wp-json\/wp\/v2\/posts\/8981","targetHints":{"allow":["GET"]}}],"collection":[{"href":"https:\/\/www.galerie-stock.net\/en\/wp-json\/wp\/v2\/posts"}],"about":[{"href":"https:\/\/www.galerie-stock.net\/en\/wp-json\/wp\/v2\/types\/post"}],"author":[{"embeddable":true,"href":"https:\/\/www.galerie-stock.net\/en\/wp-json\/wp\/v2\/users\/2"}],"replies":[{"embeddable":true,"href":"https:\/\/www.galerie-stock.net\/en\/wp-json\/wp\/v2\/comments?post=8981"}],"version-history":[{"count":5,"href":"https:\/\/www.galerie-stock.net\/en\/wp-json\/wp\/v2\/posts\/8981\/revisions"}],"predecessor-version":[{"id":10166,"href":"https:\/\/www.galerie-stock.net\/en\/wp-json\/wp\/v2\/posts\/8981\/revisions\/10166"}],"wp:featuredmedia":[{"embeddable":true,"href":"https:\/\/www.galerie-stock.net\/en\/wp-json\/wp\/v2\/media\/7955"}],"wp:attachment":[{"href":"https:\/\/www.galerie-stock.net\/en\/wp-json\/wp\/v2\/media?parent=8981"}],"wp:term":[{"taxonomy":"category","embeddable":true,"href":"https:\/\/www.galerie-stock.net\/en\/wp-json\/wp\/v2\/categories?post=8981"},{"taxonomy":"post_tag","embeddable":true,"href":"https:\/\/www.galerie-stock.net\/en\/wp-json\/wp\/v2\/tags?post=8981"}],"curies":[{"name":"wp","href":"https:\/\/api.w.org\/{rel}","templated":true}]}}