{"id":8257,"date":"2023-10-20T17:59:24","date_gmt":"2023-10-20T15:59:24","guid":{"rendered":"https:\/\/www.galerie-stock.net\/veronika-merklein-salonparcours-performance\/"},"modified":"2024-03-28T16:03:58","modified_gmt":"2024-03-28T15:03:58","slug":"veronika-merklein-salonparcours-performance","status":"publish","type":"post","link":"https:\/\/www.galerie-stock.net\/en\/news\/veronika-merklein-salonparcours-performance\/","title":{"rendered":"Veronika Merklein | SALONPARCOURS &#038; Brick15 Performances"},"content":{"rendered":"\t\t<div data-elementor-type=\"wp-post\" data-elementor-id=\"8257\" class=\"elementor elementor-8257 elementor-8251\">\n\t\t\t\t\t\t<section class=\"elementor-section elementor-top-section elementor-element elementor-element-6a9811d1 elementor-section-boxed elementor-section-height-default elementor-section-height-default\" data-id=\"6a9811d1\" data-element_type=\"section\" data-e-type=\"section\">\n\t\t\t\t\t\t<div class=\"elementor-container elementor-column-gap-default\">\n\t\t\t\t\t<div class=\"elementor-column elementor-col-100 elementor-top-column elementor-element elementor-element-754db943\" data-id=\"754db943\" data-element_type=\"column\" data-e-type=\"column\">\n\t\t\t<div class=\"elementor-widget-wrap elementor-element-populated\">\n\t\t\t\t\t\t<div class=\"elementor-element elementor-element-760c175d elementor-widget elementor-widget-text-editor\" data-id=\"760c175d\" data-element_type=\"widget\" data-e-type=\"widget\" data-widget_type=\"text-editor.default\">\n\t\t\t\t<div class=\"elementor-widget-container\">\n\t\t\t\t\t\t\t\t\t<p>Der <a href=\"https:\/\/www.salonparcours.at\/about\">Wiener SALONPARCOURS<\/a> umfasst performative Veranstaltungen, die sich mit der sozialen Realit\u00e4t der Stadt auseinandersetzen, indem sie die Stadt selbst als B\u00fchne nutzen. Der Salonparcours gibt Einblicke in die sozialen Realit\u00e4ten der Stadt. Es werden keine Kulissen aufgebaut, keine B\u00fchnenbilder geschaffen, sondern die K\u00fcnstler bedienen sich der Realit\u00e4t und spielen mit ihr. Die Arbeiten decken eine Reihe von Genres ab, von Performance-Kunst bis zu visuellen Installationen.<\/p><p>Die n\u00e4chsten Termine sind: 11. und 12. November 2023, mit <strong>Veronika Merklein<\/strong>, Ruth Biller, Luca Bonamore, Pasi M\u00e4kel\u00e4, Stephanie Schmiderer, Katrin Woelger.<\/p><p>Veronika mit der <em>&#8220;FATLife&#8221;<\/em> Performance (mehr dazu HIER)<\/p><p><strong>Am 25. November<\/strong> zeigt sie<br \/><em>&#8220;Ein dicker Mensch geht zum Arzt&#8221;<\/em> <br \/>im Rahmen einer Konferenz im <a href=\"https:\/\/www.brick-15.at\/\">Brick15<\/a><\/p>\t\t\t\t\t\t\t\t<\/div>\n\t\t\t\t<\/div>\n\t\t\t\t\t<\/div>\n\t\t<\/div>\n\t\t\t\t\t<\/div>\n\t\t<\/section>\n\t\t\t\t<\/div>\n\t\t","protected":false},"excerpt":{"rendered":"<p>11.&#038;12. \/ 25. November<\/p>\n","protected":false},"author":2,"featured_media":3138,"comment_status":"open","ping_status":"open","sticky":false,"template":"","format":"standard","meta":{"_acf_changed":false,"_genesis_hide_title":false,"_genesis_hide_breadcrumbs":false,"_genesis_hide_singular_image":false,"_genesis_hide_footer_widgets":false,"_genesis_custom_body_class":"","_genesis_custom_post_class":"","_genesis_layout":"","footnotes":""},"categories":[470],"tags":[],"class_list":{"0":"post-8257","1":"post","2":"type-post","3":"status-publish","4":"format-standard","5":"has-post-thumbnail","7":"category-archiv-en","8":"entry"},"acf":[],"yoast_head":"<!-- This site is optimized with the Yoast SEO plugin v27.4 - https:\/\/yoast.com\/product\/yoast-seo-wordpress\/ -->\n<title>Veronika Merklein | SALONPARCOURS &amp; Brick15 Performances - galerie | michaela | stock<\/title>\n<meta name=\"robots\" content=\"index, follow, max-snippet:-1, max-image-preview:large, max-video-preview:-1\" \/>\n<link rel=\"canonical\" href=\"https:\/\/www.galerie-stock.net\/en\/news\/veronika-merklein-salonparcours-performance\/\" \/>\n<meta property=\"og:locale\" content=\"en_US\" \/>\n<meta property=\"og:type\" content=\"article\" \/>\n<meta property=\"og:title\" content=\"Veronika Merklein | SALONPARCOURS &amp; Brick15 Performances - galerie | michaela | stock\" \/>\n<meta property=\"og:description\" content=\"11.&amp;12. \/ 25. November\" \/>\n<meta property=\"og:url\" content=\"https:\/\/www.galerie-stock.net\/en\/news\/veronika-merklein-salonparcours-performance\/\" \/>\n<meta property=\"og:site_name\" content=\"galerie | michaela | stock\" \/>\n<meta property=\"article:publisher\" content=\"https:\/\/www.facebook.com\/galeriemichaela.stock\/\" \/>\n<meta property=\"article:published_time\" content=\"2023-10-20T15:59:24+00:00\" \/>\n<meta property=\"article:modified_time\" content=\"2024-03-28T15:03:58+00:00\" \/>\n<meta property=\"og:image\" content=\"https:\/\/www.galerie-stock.net\/wp-content\/uploads\/merklein_3_Bildschirmfoto-2022-03-02-um-17.19.26.png\" \/>\n\t<meta property=\"og:image:width\" content=\"2554\" \/>\n\t<meta property=\"og:image:height\" content=\"1576\" \/>\n\t<meta property=\"og:image:type\" content=\"image\/png\" \/>\n<meta name=\"author\" content=\"galerie-michaela-stock\" \/>\n<meta name=\"twitter:card\" content=\"summary_large_image\" \/>\n<meta name=\"twitter:label1\" content=\"Written by\" \/>\n\t<meta name=\"twitter:data1\" content=\"galerie-michaela-stock\" \/>\n\t<meta name=\"twitter:label2\" content=\"Est. reading time\" \/>\n\t<meta name=\"twitter:data2\" content=\"1 minute\" \/>\n<script type=\"application\/ld+json\" class=\"yoast-schema-graph\">{\"@context\":\"https:\\\/\\\/schema.org\",\"@graph\":[{\"@type\":\"Article\",\"@id\":\"https:\\\/\\\/www.galerie-stock.net\\\/en\\\/news\\\/veronika-merklein-salonparcours-performance\\\/#article\",\"isPartOf\":{\"@id\":\"https:\\\/\\\/www.galerie-stock.net\\\/en\\\/news\\\/veronika-merklein-salonparcours-performance\\\/\"},\"author\":{\"name\":\"galerie-michaela-stock\",\"@id\":\"https:\\\/\\\/www.galerie-stock.net\\\/en\\\/#\\\/schema\\\/person\\\/ab7a0c51bd5279cc52e77d2cc189bf4c\"},\"headline\":\"Veronika Merklein | SALONPARCOURS &#038; Brick15 Performances\",\"datePublished\":\"2023-10-20T15:59:24+00:00\",\"dateModified\":\"2024-03-28T15:03:58+00:00\",\"mainEntityOfPage\":{\"@id\":\"https:\\\/\\\/www.galerie-stock.net\\\/en\\\/news\\\/veronika-merklein-salonparcours-performance\\\/\"},\"wordCount\":122,\"commentCount\":0,\"publisher\":{\"@id\":\"https:\\\/\\\/www.galerie-stock.net\\\/en\\\/#organization\"},\"image\":{\"@id\":\"https:\\\/\\\/www.galerie-stock.net\\\/en\\\/news\\\/veronika-merklein-salonparcours-performance\\\/#primaryimage\"},\"thumbnailUrl\":\"https:\\\/\\\/www.galerie-stock.net\\\/wp-content\\\/uploads\\\/merklein_3_Bildschirmfoto-2022-03-02-um-17.19.26.png\",\"articleSection\":[\"Archiv\"],\"inLanguage\":\"en-US\",\"potentialAction\":[{\"@type\":\"CommentAction\",\"name\":\"Comment\",\"target\":[\"https:\\\/\\\/www.galerie-stock.net\\\/en\\\/news\\\/veronika-merklein-salonparcours-performance\\\/#respond\"]}]},{\"@type\":\"WebPage\",\"@id\":\"https:\\\/\\\/www.galerie-stock.net\\\/en\\\/news\\\/veronika-merklein-salonparcours-performance\\\/\",\"url\":\"https:\\\/\\\/www.galerie-stock.net\\\/en\\\/news\\\/veronika-merklein-salonparcours-performance\\\/\",\"name\":\"Veronika Merklein | SALONPARCOURS & Brick15 Performances - galerie | michaela | stock\",\"isPartOf\":{\"@id\":\"https:\\\/\\\/www.galerie-stock.net\\\/en\\\/#website\"},\"primaryImageOfPage\":{\"@id\":\"https:\\\/\\\/www.galerie-stock.net\\\/en\\\/news\\\/veronika-merklein-salonparcours-performance\\\/#primaryimage\"},\"image\":{\"@id\":\"https:\\\/\\\/www.galerie-stock.net\\\/en\\\/news\\\/veronika-merklein-salonparcours-performance\\\/#primaryimage\"},\"thumbnailUrl\":\"https:\\\/\\\/www.galerie-stock.net\\\/wp-content\\\/uploads\\\/merklein_3_Bildschirmfoto-2022-03-02-um-17.19.26.png\",\"datePublished\":\"2023-10-20T15:59:24+00:00\",\"dateModified\":\"2024-03-28T15:03:58+00:00\",\"breadcrumb\":{\"@id\":\"https:\\\/\\\/www.galerie-stock.net\\\/en\\\/news\\\/veronika-merklein-salonparcours-performance\\\/#breadcrumb\"},\"inLanguage\":\"en-US\",\"potentialAction\":[{\"@type\":\"ReadAction\",\"target\":[\"https:\\\/\\\/www.galerie-stock.net\\\/en\\\/news\\\/veronika-merklein-salonparcours-performance\\\/\"]}]},{\"@type\":\"ImageObject\",\"inLanguage\":\"en-US\",\"@id\":\"https:\\\/\\\/www.galerie-stock.net\\\/en\\\/news\\\/veronika-merklein-salonparcours-performance\\\/#primaryimage\",\"url\":\"https:\\\/\\\/www.galerie-stock.net\\\/wp-content\\\/uploads\\\/merklein_3_Bildschirmfoto-2022-03-02-um-17.19.26.png\",\"contentUrl\":\"https:\\\/\\\/www.galerie-stock.net\\\/wp-content\\\/uploads\\\/merklein_3_Bildschirmfoto-2022-03-02-um-17.19.26.png\",\"width\":2554,\"height\":1576},{\"@type\":\"BreadcrumbList\",\"@id\":\"https:\\\/\\\/www.galerie-stock.net\\\/en\\\/news\\\/veronika-merklein-salonparcours-performance\\\/#breadcrumb\",\"itemListElement\":[{\"@type\":\"ListItem\",\"position\":1,\"name\":\"Startseite\",\"item\":\"https:\\\/\\\/www.galerie-stock.net\\\/en\\\/\"},{\"@type\":\"ListItem\",\"position\":2,\"name\":\"Veronika Merklein | SALONPARCOURS &#038; Brick15 Performances\"}]},{\"@type\":\"WebSite\",\"@id\":\"https:\\\/\\\/www.galerie-stock.net\\\/en\\\/#website\",\"url\":\"https:\\\/\\\/www.galerie-stock.net\\\/en\\\/\",\"name\":\"galerie | michaela | stock\",\"description\":\"\",\"publisher\":{\"@id\":\"https:\\\/\\\/www.galerie-stock.net\\\/en\\\/#organization\"},\"potentialAction\":[{\"@type\":\"SearchAction\",\"target\":{\"@type\":\"EntryPoint\",\"urlTemplate\":\"https:\\\/\\\/www.galerie-stock.net\\\/en\\\/?s={search_term_string}\"},\"query-input\":{\"@type\":\"PropertyValueSpecification\",\"valueRequired\":true,\"valueName\":\"search_term_string\"}}],\"inLanguage\":\"en-US\"},{\"@type\":\"Organization\",\"@id\":\"https:\\\/\\\/www.galerie-stock.net\\\/en\\\/#organization\",\"name\":\"galerie michaela stock\",\"url\":\"https:\\\/\\\/www.galerie-stock.net\\\/en\\\/\",\"logo\":{\"@type\":\"ImageObject\",\"inLanguage\":\"en-US\",\"@id\":\"https:\\\/\\\/www.galerie-stock.net\\\/en\\\/#\\\/schema\\\/logo\\\/image\\\/\",\"url\":\"https:\\\/\\\/www.galerie-stock.net\\\/wp-content\\\/uploads\\\/galerie-michaela-stock-logo.jpg\",\"contentUrl\":\"https:\\\/\\\/www.galerie-stock.net\\\/wp-content\\\/uploads\\\/galerie-michaela-stock-logo.jpg\",\"width\":350,\"height\":31,\"caption\":\"galerie michaela stock\"},\"image\":{\"@id\":\"https:\\\/\\\/www.galerie-stock.net\\\/en\\\/#\\\/schema\\\/logo\\\/image\\\/\"},\"sameAs\":[\"https:\\\/\\\/www.facebook.com\\\/galeriemichaela.stock\\\/\"]},{\"@type\":\"Person\",\"@id\":\"https:\\\/\\\/www.galerie-stock.net\\\/en\\\/#\\\/schema\\\/person\\\/ab7a0c51bd5279cc52e77d2cc189bf4c\",\"name\":\"galerie-michaela-stock\",\"image\":{\"@type\":\"ImageObject\",\"inLanguage\":\"en-US\",\"@id\":\"https:\\\/\\\/secure.gravatar.com\\\/avatar\\\/3bbb78925e28a4a58489933cfd317a82c322967d6352e9beae4c11aa4f6d278a?s=96&d=mm&r=g\",\"url\":\"https:\\\/\\\/secure.gravatar.com\\\/avatar\\\/3bbb78925e28a4a58489933cfd317a82c322967d6352e9beae4c11aa4f6d278a?s=96&d=mm&r=g\",\"contentUrl\":\"https:\\\/\\\/secure.gravatar.com\\\/avatar\\\/3bbb78925e28a4a58489933cfd317a82c322967d6352e9beae4c11aa4f6d278a?s=96&d=mm&r=g\",\"caption\":\"galerie-michaela-stock\"}}]}<\/script>\n<!-- \/ Yoast SEO plugin. -->","yoast_head_json":{"title":"Veronika Merklein | SALONPARCOURS & Brick15 Performances - galerie | michaela | stock","robots":{"index":"index","follow":"follow","max-snippet":"max-snippet:-1","max-image-preview":"max-image-preview:large","max-video-preview":"max-video-preview:-1"},"canonical":"https:\/\/www.galerie-stock.net\/en\/news\/veronika-merklein-salonparcours-performance\/","og_locale":"en_US","og_type":"article","og_title":"Veronika Merklein | SALONPARCOURS & Brick15 Performances - galerie | michaela | stock","og_description":"11.&12. \/ 25. November","og_url":"https:\/\/www.galerie-stock.net\/en\/news\/veronika-merklein-salonparcours-performance\/","og_site_name":"galerie | michaela | stock","article_publisher":"https:\/\/www.facebook.com\/galeriemichaela.stock\/","article_published_time":"2023-10-20T15:59:24+00:00","article_modified_time":"2024-03-28T15:03:58+00:00","og_image":[{"width":2554,"height":1576,"url":"https:\/\/www.galerie-stock.net\/wp-content\/uploads\/merklein_3_Bildschirmfoto-2022-03-02-um-17.19.26.png","type":"image\/png"}],"author":"galerie-michaela-stock","twitter_card":"summary_large_image","twitter_misc":{"Written by":"galerie-michaela-stock","Est. reading time":"1 minute"},"schema":{"@context":"https:\/\/schema.org","@graph":[{"@type":"Article","@id":"https:\/\/www.galerie-stock.net\/en\/news\/veronika-merklein-salonparcours-performance\/#article","isPartOf":{"@id":"https:\/\/www.galerie-stock.net\/en\/news\/veronika-merklein-salonparcours-performance\/"},"author":{"name":"galerie-michaela-stock","@id":"https:\/\/www.galerie-stock.net\/en\/#\/schema\/person\/ab7a0c51bd5279cc52e77d2cc189bf4c"},"headline":"Veronika Merklein | SALONPARCOURS &#038; Brick15 Performances","datePublished":"2023-10-20T15:59:24+00:00","dateModified":"2024-03-28T15:03:58+00:00","mainEntityOfPage":{"@id":"https:\/\/www.galerie-stock.net\/en\/news\/veronika-merklein-salonparcours-performance\/"},"wordCount":122,"commentCount":0,"publisher":{"@id":"https:\/\/www.galerie-stock.net\/en\/#organization"},"image":{"@id":"https:\/\/www.galerie-stock.net\/en\/news\/veronika-merklein-salonparcours-performance\/#primaryimage"},"thumbnailUrl":"https:\/\/www.galerie-stock.net\/wp-content\/uploads\/merklein_3_Bildschirmfoto-2022-03-02-um-17.19.26.png","articleSection":["Archiv"],"inLanguage":"en-US","potentialAction":[{"@type":"CommentAction","name":"Comment","target":["https:\/\/www.galerie-stock.net\/en\/news\/veronika-merklein-salonparcours-performance\/#respond"]}]},{"@type":"WebPage","@id":"https:\/\/www.galerie-stock.net\/en\/news\/veronika-merklein-salonparcours-performance\/","url":"https:\/\/www.galerie-stock.net\/en\/news\/veronika-merklein-salonparcours-performance\/","name":"Veronika Merklein | SALONPARCOURS & Brick15 Performances - galerie | michaela | stock","isPartOf":{"@id":"https:\/\/www.galerie-stock.net\/en\/#website"},"primaryImageOfPage":{"@id":"https:\/\/www.galerie-stock.net\/en\/news\/veronika-merklein-salonparcours-performance\/#primaryimage"},"image":{"@id":"https:\/\/www.galerie-stock.net\/en\/news\/veronika-merklein-salonparcours-performance\/#primaryimage"},"thumbnailUrl":"https:\/\/www.galerie-stock.net\/wp-content\/uploads\/merklein_3_Bildschirmfoto-2022-03-02-um-17.19.26.png","datePublished":"2023-10-20T15:59:24+00:00","dateModified":"2024-03-28T15:03:58+00:00","breadcrumb":{"@id":"https:\/\/www.galerie-stock.net\/en\/news\/veronika-merklein-salonparcours-performance\/#breadcrumb"},"inLanguage":"en-US","potentialAction":[{"@type":"ReadAction","target":["https:\/\/www.galerie-stock.net\/en\/news\/veronika-merklein-salonparcours-performance\/"]}]},{"@type":"ImageObject","inLanguage":"en-US","@id":"https:\/\/www.galerie-stock.net\/en\/news\/veronika-merklein-salonparcours-performance\/#primaryimage","url":"https:\/\/www.galerie-stock.net\/wp-content\/uploads\/merklein_3_Bildschirmfoto-2022-03-02-um-17.19.26.png","contentUrl":"https:\/\/www.galerie-stock.net\/wp-content\/uploads\/merklein_3_Bildschirmfoto-2022-03-02-um-17.19.26.png","width":2554,"height":1576},{"@type":"BreadcrumbList","@id":"https:\/\/www.galerie-stock.net\/en\/news\/veronika-merklein-salonparcours-performance\/#breadcrumb","itemListElement":[{"@type":"ListItem","position":1,"name":"Startseite","item":"https:\/\/www.galerie-stock.net\/en\/"},{"@type":"ListItem","position":2,"name":"Veronika Merklein | SALONPARCOURS &#038; Brick15 Performances"}]},{"@type":"WebSite","@id":"https:\/\/www.galerie-stock.net\/en\/#website","url":"https:\/\/www.galerie-stock.net\/en\/","name":"galerie | michaela | stock","description":"","publisher":{"@id":"https:\/\/www.galerie-stock.net\/en\/#organization"},"potentialAction":[{"@type":"SearchAction","target":{"@type":"EntryPoint","urlTemplate":"https:\/\/www.galerie-stock.net\/en\/?s={search_term_string}"},"query-input":{"@type":"PropertyValueSpecification","valueRequired":true,"valueName":"search_term_string"}}],"inLanguage":"en-US"},{"@type":"Organization","@id":"https:\/\/www.galerie-stock.net\/en\/#organization","name":"galerie michaela stock","url":"https:\/\/www.galerie-stock.net\/en\/","logo":{"@type":"ImageObject","inLanguage":"en-US","@id":"https:\/\/www.galerie-stock.net\/en\/#\/schema\/logo\/image\/","url":"https:\/\/www.galerie-stock.net\/wp-content\/uploads\/galerie-michaela-stock-logo.jpg","contentUrl":"https:\/\/www.galerie-stock.net\/wp-content\/uploads\/galerie-michaela-stock-logo.jpg","width":350,"height":31,"caption":"galerie michaela stock"},"image":{"@id":"https:\/\/www.galerie-stock.net\/en\/#\/schema\/logo\/image\/"},"sameAs":["https:\/\/www.facebook.com\/galeriemichaela.stock\/"]},{"@type":"Person","@id":"https:\/\/www.galerie-stock.net\/en\/#\/schema\/person\/ab7a0c51bd5279cc52e77d2cc189bf4c","name":"galerie-michaela-stock","image":{"@type":"ImageObject","inLanguage":"en-US","@id":"https:\/\/secure.gravatar.com\/avatar\/3bbb78925e28a4a58489933cfd317a82c322967d6352e9beae4c11aa4f6d278a?s=96&d=mm&r=g","url":"https:\/\/secure.gravatar.com\/avatar\/3bbb78925e28a4a58489933cfd317a82c322967d6352e9beae4c11aa4f6d278a?s=96&d=mm&r=g","contentUrl":"https:\/\/secure.gravatar.com\/avatar\/3bbb78925e28a4a58489933cfd317a82c322967d6352e9beae4c11aa4f6d278a?s=96&d=mm&r=g","caption":"galerie-michaela-stock"}}]}},"_links":{"self":[{"href":"https:\/\/www.galerie-stock.net\/en\/wp-json\/wp\/v2\/posts\/8257","targetHints":{"allow":["GET"]}}],"collection":[{"href":"https:\/\/www.galerie-stock.net\/en\/wp-json\/wp\/v2\/posts"}],"about":[{"href":"https:\/\/www.galerie-stock.net\/en\/wp-json\/wp\/v2\/types\/post"}],"author":[{"embeddable":true,"href":"https:\/\/www.galerie-stock.net\/en\/wp-json\/wp\/v2\/users\/2"}],"replies":[{"embeddable":true,"href":"https:\/\/www.galerie-stock.net\/en\/wp-json\/wp\/v2\/comments?post=8257"}],"version-history":[{"count":10,"href":"https:\/\/www.galerie-stock.net\/en\/wp-json\/wp\/v2\/posts\/8257\/revisions"}],"predecessor-version":[{"id":8295,"href":"https:\/\/www.galerie-stock.net\/en\/wp-json\/wp\/v2\/posts\/8257\/revisions\/8295"}],"wp:featuredmedia":[{"embeddable":true,"href":"https:\/\/www.galerie-stock.net\/en\/wp-json\/wp\/v2\/media\/3138"}],"wp:attachment":[{"href":"https:\/\/www.galerie-stock.net\/en\/wp-json\/wp\/v2\/media?parent=8257"}],"wp:term":[{"taxonomy":"category","embeddable":true,"href":"https:\/\/www.galerie-stock.net\/en\/wp-json\/wp\/v2\/categories?post=8257"},{"taxonomy":"post_tag","embeddable":true,"href":"https:\/\/www.galerie-stock.net\/en\/wp-json\/wp\/v2\/tags?post=8257"}],"curies":[{"name":"wp","href":"https:\/\/api.w.org\/{rel}","templated":true}]}}