{"id":7965,"date":"2023-10-11T17:04:02","date_gmt":"2023-10-11T15:04:02","guid":{"rendered":"https:\/\/www.galerie-stock.net\/marko-zink-videocity-st-poelten\/"},"modified":"2024-05-24T17:15:15","modified_gmt":"2024-05-24T15:15:15","slug":"marko-zink-videocity-st-poelten","status":"publish","type":"post","link":"https:\/\/www.galerie-stock.net\/en\/news\/marko-zink-videocity-st-poelten\/","title":{"rendered":"Marko Zink | Videocity St. P\u00f6lten"},"content":{"rendered":"\t\t<div data-elementor-type=\"wp-post\" data-elementor-id=\"7965\" class=\"elementor elementor-7965 elementor-7953\">\n\t\t\t\t\t\t<section class=\"elementor-section elementor-top-section elementor-element elementor-element-405264ec elementor-section-boxed elementor-section-height-default elementor-section-height-default\" data-id=\"405264ec\" data-element_type=\"section\" data-e-type=\"section\">\n\t\t\t\t\t\t<div class=\"elementor-container elementor-column-gap-default\">\n\t\t\t\t\t<div class=\"elementor-column elementor-col-100 elementor-top-column elementor-element elementor-element-d8ab284\" data-id=\"d8ab284\" data-element_type=\"column\" data-e-type=\"column\">\n\t\t\t<div class=\"elementor-widget-wrap elementor-element-populated\">\n\t\t\t\t\t\t<div class=\"elementor-element elementor-element-25744a79 elementor-widget elementor-widget-text-editor\" data-id=\"25744a79\" data-element_type=\"widget\" data-e-type=\"widget\" data-widget_type=\"text-editor.default\">\n\t\t\t\t<div class=\"elementor-widget-container\">\n\t\t\t\t\t\t\t\t\t<div class=\"QmZWSe\"><div class=\"DHcWmd\"><h4>UTOPIE IM HEUTE | KIPPMOMENTE\u00a0 DER GEGENWART<\/h4><span class=\"Y2IQFc\" lang=\"de\">Videocity ist ein internationales \u00f6ffentliches Kunstprojekt, das 2013 in Basel, Schweiz, von Dr. Andrea Domesle gegr\u00fcndet wurde. Es verbindet Videokunst mit dem Publikum im \u00f6ffentlichen Raum auf der ganzen Welt, sowohl drinnen als auch drau\u00dfen, sowie an ungew\u00f6hnlichen Orten.<\/span><\/div><\/div><div class=\"oSioSc\"><div id=\"tw-target\"><div id=\"kAz1tf\" class=\"g9WsWb\"><div id=\"tw-target-text-container\" class=\"tw-ta-container F0azHf tw-nfl\" tabindex=\"0\"><p id=\"tw-target-text\" class=\"tw-data-text tw-text-large tw-ta\" dir=\"ltr\" data-placeholder=\"\u00dcbersetzung\" data-ved=\"2ahUKEwist77Iou6BAxXK1wIHHfDBAdsQ3ewLegQIBhAP\"><span class=\"Y2IQFc\" lang=\"de\">Videocity St. P\u00f6lten \u2013 Utopia today<\/span><\/p><p class=\"tw-data-text tw-text-large tw-ta\" dir=\"ltr\" data-placeholder=\"\u00dcbersetzung\" data-ved=\"2ahUKEwist77Iou6BAxXK1wIHHfDBAdsQ3ewLegQIBhAP\"><span class=\"Y2IQFc\" lang=\"de\"><strong>6.10.\u201317.12.2023<\/strong> <\/span><\/p><p class=\"tw-data-text tw-text-large tw-ta\" dir=\"ltr\" data-placeholder=\"\u00dcbersetzung\" data-ved=\"2ahUKEwist77Iou6BAxXK1wIHHfDBAdsQ3ewLegQIBhAP\"><strong><span class=\"Y2IQFc\" lang=\"de\">Er\u00f6ffnung: 5. Oktober um 16:00 Uhr<\/span><\/strong><\/p><p class=\"tw-data-text tw-text-large tw-ta\" dir=\"ltr\" data-placeholder=\"\u00dcbersetzung\" data-ved=\"2ahUKEwist77Iou6BAxXK1wIHHfDBAdsQ3ewLegQIBhAP\"><span class=\"Y2IQFc\" lang=\"de\">Treffpunkt STARTraum, L\u00f6winnenhof*, <br \/><\/span><span class=\"Y2IQFc\" lang=\"de\">Linzer Stra\u00dfe 16 <\/span><\/p><p class=\"tw-data-text tw-text-large tw-ta\" dir=\"ltr\" data-placeholder=\"\u00dcbersetzung\" data-ved=\"2ahUKEwist77Iou6BAxXK1wIHHfDBAdsQ3ewLegQIBhAP\"><span class=\"Y2IQFc\" lang=\"de\">An verschiedenen Standorten in St. P\u00f6lten<\/span><\/p><p dir=\"ltr\" data-placeholder=\"\u00dcbersetzung\" data-ved=\"2ahUKEwist77Iou6BAxXK1wIHHfDBAdsQ3ewLegQIBhAP\"><strong>Kurator*innen<\/strong>: Andrea Domesle, Walter Seidl und Videocity-Team.<\/p><p>Videocity St. P\u00f6lten bringt nun schon zum dritten Mal Videokunst mitten in den Alltag von vielen. Dabei werden kurze Videos von \u00f6sterreichischen und internationalen K\u00fcnstler:innen zum Thema \u201eUtopie im Heute\u201c gezeigt. Typisch f\u00fcr den \u00f6ffentlichen Raum ist, dass die Stadt die Tonspur der Videos bildet oder eine allf\u00e4llige ersetzt. Zuf\u00e4lligkeiten des Alltags greifen in die Kompositionen ein. Die Umgebung erlaubt es, die Videoarbeiten in der Stadt St. P\u00f6lten in einem neuen Licht zu sehen.<\/p><p dir=\"ltr\" data-placeholder=\"\u00dcbersetzung\" data-ved=\"2ahUKEwist77Iou6BAxXK1wIHHfDBAdsQ3ewLegQIBhAP\"><strong>MARKO ZINK screening um 22.10 Uhr<\/strong><\/p><p dir=\"ltr\" data-placeholder=\"\u00dcbersetzung\" data-ved=\"2ahUKEwist77Iou6BAxXK1wIHHfDBAdsQ3ewLegQIBhAP\">\u00a0<\/p><\/div><\/div><\/div><\/div>\t\t\t\t\t\t\t\t<\/div>\n\t\t\t\t<\/div>\n\t\t\t\t<div class=\"elementor-element elementor-element-4927c53 elementor-widget elementor-widget-image\" data-id=\"4927c53\" data-element_type=\"widget\" data-e-type=\"widget\" data-widget_type=\"image.default\">\n\t\t\t\t<div class=\"elementor-widget-container\">\n\t\t\t\t\t\t\t\t\t\t\t\t\t\t\t<img fetchpriority=\"high\" decoding=\"async\" width=\"1024\" height=\"740\" src=\"https:\/\/www.galerie-stock.net\/wp-content\/uploads\/zink_videocity-1024x740.png\" class=\"attachment-large size-large wp-image-7955\" alt=\"\" srcset=\"https:\/\/www.galerie-stock.net\/wp-content\/uploads\/zink_videocity-1024x740.png 1024w, https:\/\/www.galerie-stock.net\/wp-content\/uploads\/zink_videocity-300x217.png 300w, https:\/\/www.galerie-stock.net\/wp-content\/uploads\/zink_videocity-768x555.png 768w, https:\/\/www.galerie-stock.net\/wp-content\/uploads\/zink_videocity.png 1444w\" sizes=\"(max-width: 1024px) 100vw, 1024px\" \/>\t\t\t\t\t\t\t\t\t\t\t\t\t\t\t<\/div>\n\t\t\t\t<\/div>\n\t\t\t\t\t<\/div>\n\t\t<\/div>\n\t\t\t\t\t<\/div>\n\t\t<\/section>\n\t\t\t\t<\/div>\n\t\t","protected":false},"excerpt":{"rendered":"<p>6.10.\u201317.12.2023 <\/p>\n","protected":false},"author":2,"featured_media":7955,"comment_status":"open","ping_status":"open","sticky":false,"template":"","format":"standard","meta":{"_acf_changed":false,"_genesis_hide_title":false,"_genesis_hide_breadcrumbs":false,"_genesis_hide_singular_image":false,"_genesis_hide_footer_widgets":false,"_genesis_custom_body_class":"","_genesis_custom_post_class":"","_genesis_layout":"","footnotes":""},"categories":[470],"tags":[],"class_list":{"0":"post-7965","1":"post","2":"type-post","3":"status-publish","4":"format-standard","5":"has-post-thumbnail","7":"category-archiv-en","8":"entry"},"acf":[],"yoast_head":"<!-- This site is optimized with the Yoast SEO plugin v27.9 - https:\/\/yoast.com\/product\/yoast-seo-wordpress\/ -->\n<title>Marko Zink | Videocity St. P\u00f6lten - galerie | michaela | stock<\/title>\n<meta name=\"robots\" content=\"index, follow, max-snippet:-1, max-image-preview:large, max-video-preview:-1\" \/>\n<link rel=\"canonical\" href=\"https:\/\/www.galerie-stock.net\/en\/news\/marko-zink-videocity-st-poelten\/\" \/>\n<meta property=\"og:locale\" content=\"en_US\" \/>\n<meta property=\"og:type\" content=\"article\" \/>\n<meta property=\"og:title\" content=\"Marko Zink | Videocity St. P\u00f6lten - galerie | michaela | stock\" \/>\n<meta property=\"og:description\" content=\"6.10.\u201317.12.2023\" \/>\n<meta property=\"og:url\" content=\"https:\/\/www.galerie-stock.net\/en\/news\/marko-zink-videocity-st-poelten\/\" \/>\n<meta property=\"og:site_name\" content=\"galerie | michaela | stock\" \/>\n<meta property=\"article:publisher\" content=\"https:\/\/www.facebook.com\/galeriemichaela.stock\/\" \/>\n<meta property=\"article:published_time\" content=\"2023-10-11T15:04:02+00:00\" \/>\n<meta property=\"article:modified_time\" content=\"2024-05-24T15:15:15+00:00\" \/>\n<meta property=\"og:image\" content=\"https:\/\/www.galerie-stock.net\/wp-content\/uploads\/zink_videocity.png\" \/>\n\t<meta property=\"og:image:width\" content=\"1444\" \/>\n\t<meta property=\"og:image:height\" content=\"1044\" \/>\n\t<meta property=\"og:image:type\" content=\"image\/png\" \/>\n<meta name=\"author\" content=\"galerie-michaela-stock\" \/>\n<meta name=\"twitter:card\" content=\"summary_large_image\" \/>\n<meta name=\"twitter:label1\" content=\"Written by\" \/>\n\t<meta name=\"twitter:data1\" content=\"galerie-michaela-stock\" \/>\n\t<meta name=\"twitter:label2\" content=\"Est. reading time\" \/>\n\t<meta name=\"twitter:data2\" content=\"2 minutes\" \/>\n<script type=\"application\/ld+json\" class=\"yoast-schema-graph\">{\"@context\":\"https:\\\/\\\/schema.org\",\"@graph\":[{\"@type\":\"Article\",\"@id\":\"https:\\\/\\\/www.galerie-stock.net\\\/en\\\/news\\\/marko-zink-videocity-st-poelten\\\/#article\",\"isPartOf\":{\"@id\":\"https:\\\/\\\/www.galerie-stock.net\\\/en\\\/news\\\/marko-zink-videocity-st-poelten\\\/\"},\"author\":{\"name\":\"galerie-michaela-stock\",\"@id\":\"https:\\\/\\\/www.galerie-stock.net\\\/en\\\/#\\\/schema\\\/person\\\/ab7a0c51bd5279cc52e77d2cc189bf4c\"},\"headline\":\"Marko Zink | Videocity St. P\u00f6lten\",\"datePublished\":\"2023-10-11T15:04:02+00:00\",\"dateModified\":\"2024-05-24T15:15:15+00:00\",\"mainEntityOfPage\":{\"@id\":\"https:\\\/\\\/www.galerie-stock.net\\\/en\\\/news\\\/marko-zink-videocity-st-poelten\\\/\"},\"wordCount\":172,\"commentCount\":0,\"publisher\":{\"@id\":\"https:\\\/\\\/www.galerie-stock.net\\\/en\\\/#organization\"},\"image\":{\"@id\":\"https:\\\/\\\/www.galerie-stock.net\\\/en\\\/news\\\/marko-zink-videocity-st-poelten\\\/#primaryimage\"},\"thumbnailUrl\":\"https:\\\/\\\/www.galerie-stock.net\\\/wp-content\\\/uploads\\\/zink_videocity.png\",\"articleSection\":[\"Archiv\"],\"inLanguage\":\"en-US\",\"potentialAction\":[{\"@type\":\"CommentAction\",\"name\":\"Comment\",\"target\":[\"https:\\\/\\\/www.galerie-stock.net\\\/en\\\/news\\\/marko-zink-videocity-st-poelten\\\/#respond\"]}]},{\"@type\":\"WebPage\",\"@id\":\"https:\\\/\\\/www.galerie-stock.net\\\/en\\\/news\\\/marko-zink-videocity-st-poelten\\\/\",\"url\":\"https:\\\/\\\/www.galerie-stock.net\\\/en\\\/news\\\/marko-zink-videocity-st-poelten\\\/\",\"name\":\"Marko Zink | Videocity St. P\u00f6lten - galerie | michaela | stock\",\"isPartOf\":{\"@id\":\"https:\\\/\\\/www.galerie-stock.net\\\/en\\\/#website\"},\"primaryImageOfPage\":{\"@id\":\"https:\\\/\\\/www.galerie-stock.net\\\/en\\\/news\\\/marko-zink-videocity-st-poelten\\\/#primaryimage\"},\"image\":{\"@id\":\"https:\\\/\\\/www.galerie-stock.net\\\/en\\\/news\\\/marko-zink-videocity-st-poelten\\\/#primaryimage\"},\"thumbnailUrl\":\"https:\\\/\\\/www.galerie-stock.net\\\/wp-content\\\/uploads\\\/zink_videocity.png\",\"datePublished\":\"2023-10-11T15:04:02+00:00\",\"dateModified\":\"2024-05-24T15:15:15+00:00\",\"breadcrumb\":{\"@id\":\"https:\\\/\\\/www.galerie-stock.net\\\/en\\\/news\\\/marko-zink-videocity-st-poelten\\\/#breadcrumb\"},\"inLanguage\":\"en-US\",\"potentialAction\":[{\"@type\":\"ReadAction\",\"target\":[\"https:\\\/\\\/www.galerie-stock.net\\\/en\\\/news\\\/marko-zink-videocity-st-poelten\\\/\"]}]},{\"@type\":\"ImageObject\",\"inLanguage\":\"en-US\",\"@id\":\"https:\\\/\\\/www.galerie-stock.net\\\/en\\\/news\\\/marko-zink-videocity-st-poelten\\\/#primaryimage\",\"url\":\"https:\\\/\\\/www.galerie-stock.net\\\/wp-content\\\/uploads\\\/zink_videocity.png\",\"contentUrl\":\"https:\\\/\\\/www.galerie-stock.net\\\/wp-content\\\/uploads\\\/zink_videocity.png\",\"width\":1444,\"height\":1044},{\"@type\":\"BreadcrumbList\",\"@id\":\"https:\\\/\\\/www.galerie-stock.net\\\/en\\\/news\\\/marko-zink-videocity-st-poelten\\\/#breadcrumb\",\"itemListElement\":[{\"@type\":\"ListItem\",\"position\":1,\"name\":\"Startseite\",\"item\":\"https:\\\/\\\/www.galerie-stock.net\\\/en\\\/\"},{\"@type\":\"ListItem\",\"position\":2,\"name\":\"Marko Zink | Videocity St. P\u00f6lten\"}]},{\"@type\":\"WebSite\",\"@id\":\"https:\\\/\\\/www.galerie-stock.net\\\/en\\\/#website\",\"url\":\"https:\\\/\\\/www.galerie-stock.net\\\/en\\\/\",\"name\":\"galerie | michaela | stock\",\"description\":\"\",\"publisher\":{\"@id\":\"https:\\\/\\\/www.galerie-stock.net\\\/en\\\/#organization\"},\"potentialAction\":[{\"@type\":\"SearchAction\",\"target\":{\"@type\":\"EntryPoint\",\"urlTemplate\":\"https:\\\/\\\/www.galerie-stock.net\\\/en\\\/?s={search_term_string}\"},\"query-input\":{\"@type\":\"PropertyValueSpecification\",\"valueRequired\":true,\"valueName\":\"search_term_string\"}}],\"inLanguage\":\"en-US\"},{\"@type\":\"Organization\",\"@id\":\"https:\\\/\\\/www.galerie-stock.net\\\/en\\\/#organization\",\"name\":\"galerie michaela stock\",\"url\":\"https:\\\/\\\/www.galerie-stock.net\\\/en\\\/\",\"logo\":{\"@type\":\"ImageObject\",\"inLanguage\":\"en-US\",\"@id\":\"https:\\\/\\\/www.galerie-stock.net\\\/en\\\/#\\\/schema\\\/logo\\\/image\\\/\",\"url\":\"https:\\\/\\\/www.galerie-stock.net\\\/wp-content\\\/uploads\\\/galerie-michaela-stock-logo.jpg\",\"contentUrl\":\"https:\\\/\\\/www.galerie-stock.net\\\/wp-content\\\/uploads\\\/galerie-michaela-stock-logo.jpg\",\"width\":350,\"height\":31,\"caption\":\"galerie michaela stock\"},\"image\":{\"@id\":\"https:\\\/\\\/www.galerie-stock.net\\\/en\\\/#\\\/schema\\\/logo\\\/image\\\/\"},\"sameAs\":[\"https:\\\/\\\/www.facebook.com\\\/galeriemichaela.stock\\\/\"]},{\"@type\":\"Person\",\"@id\":\"https:\\\/\\\/www.galerie-stock.net\\\/en\\\/#\\\/schema\\\/person\\\/ab7a0c51bd5279cc52e77d2cc189bf4c\",\"name\":\"galerie-michaela-stock\",\"image\":{\"@type\":\"ImageObject\",\"inLanguage\":\"en-US\",\"@id\":\"https:\\\/\\\/secure.gravatar.com\\\/avatar\\\/3bbb78925e28a4a58489933cfd317a82c322967d6352e9beae4c11aa4f6d278a?s=96&d=mm&r=g\",\"url\":\"https:\\\/\\\/secure.gravatar.com\\\/avatar\\\/3bbb78925e28a4a58489933cfd317a82c322967d6352e9beae4c11aa4f6d278a?s=96&d=mm&r=g\",\"contentUrl\":\"https:\\\/\\\/secure.gravatar.com\\\/avatar\\\/3bbb78925e28a4a58489933cfd317a82c322967d6352e9beae4c11aa4f6d278a?s=96&d=mm&r=g\",\"caption\":\"galerie-michaela-stock\"}}]}<\/script>\n<!-- \/ Yoast SEO plugin. -->","yoast_head_json":{"title":"Marko Zink | Videocity St. P\u00f6lten - galerie | michaela | stock","robots":{"index":"index","follow":"follow","max-snippet":"max-snippet:-1","max-image-preview":"max-image-preview:large","max-video-preview":"max-video-preview:-1"},"canonical":"https:\/\/www.galerie-stock.net\/en\/news\/marko-zink-videocity-st-poelten\/","og_locale":"en_US","og_type":"article","og_title":"Marko Zink | Videocity St. P\u00f6lten - galerie | michaela | stock","og_description":"6.10.\u201317.12.2023","og_url":"https:\/\/www.galerie-stock.net\/en\/news\/marko-zink-videocity-st-poelten\/","og_site_name":"galerie | michaela | stock","article_publisher":"https:\/\/www.facebook.com\/galeriemichaela.stock\/","article_published_time":"2023-10-11T15:04:02+00:00","article_modified_time":"2024-05-24T15:15:15+00:00","og_image":[{"width":1444,"height":1044,"url":"https:\/\/www.galerie-stock.net\/wp-content\/uploads\/zink_videocity.png","type":"image\/png"}],"author":"galerie-michaela-stock","twitter_card":"summary_large_image","twitter_misc":{"Written by":"galerie-michaela-stock","Est. reading time":"2 minutes"},"schema":{"@context":"https:\/\/schema.org","@graph":[{"@type":"Article","@id":"https:\/\/www.galerie-stock.net\/en\/news\/marko-zink-videocity-st-poelten\/#article","isPartOf":{"@id":"https:\/\/www.galerie-stock.net\/en\/news\/marko-zink-videocity-st-poelten\/"},"author":{"name":"galerie-michaela-stock","@id":"https:\/\/www.galerie-stock.net\/en\/#\/schema\/person\/ab7a0c51bd5279cc52e77d2cc189bf4c"},"headline":"Marko Zink | Videocity St. P\u00f6lten","datePublished":"2023-10-11T15:04:02+00:00","dateModified":"2024-05-24T15:15:15+00:00","mainEntityOfPage":{"@id":"https:\/\/www.galerie-stock.net\/en\/news\/marko-zink-videocity-st-poelten\/"},"wordCount":172,"commentCount":0,"publisher":{"@id":"https:\/\/www.galerie-stock.net\/en\/#organization"},"image":{"@id":"https:\/\/www.galerie-stock.net\/en\/news\/marko-zink-videocity-st-poelten\/#primaryimage"},"thumbnailUrl":"https:\/\/www.galerie-stock.net\/wp-content\/uploads\/zink_videocity.png","articleSection":["Archiv"],"inLanguage":"en-US","potentialAction":[{"@type":"CommentAction","name":"Comment","target":["https:\/\/www.galerie-stock.net\/en\/news\/marko-zink-videocity-st-poelten\/#respond"]}]},{"@type":"WebPage","@id":"https:\/\/www.galerie-stock.net\/en\/news\/marko-zink-videocity-st-poelten\/","url":"https:\/\/www.galerie-stock.net\/en\/news\/marko-zink-videocity-st-poelten\/","name":"Marko Zink | Videocity St. P\u00f6lten - galerie | michaela | stock","isPartOf":{"@id":"https:\/\/www.galerie-stock.net\/en\/#website"},"primaryImageOfPage":{"@id":"https:\/\/www.galerie-stock.net\/en\/news\/marko-zink-videocity-st-poelten\/#primaryimage"},"image":{"@id":"https:\/\/www.galerie-stock.net\/en\/news\/marko-zink-videocity-st-poelten\/#primaryimage"},"thumbnailUrl":"https:\/\/www.galerie-stock.net\/wp-content\/uploads\/zink_videocity.png","datePublished":"2023-10-11T15:04:02+00:00","dateModified":"2024-05-24T15:15:15+00:00","breadcrumb":{"@id":"https:\/\/www.galerie-stock.net\/en\/news\/marko-zink-videocity-st-poelten\/#breadcrumb"},"inLanguage":"en-US","potentialAction":[{"@type":"ReadAction","target":["https:\/\/www.galerie-stock.net\/en\/news\/marko-zink-videocity-st-poelten\/"]}]},{"@type":"ImageObject","inLanguage":"en-US","@id":"https:\/\/www.galerie-stock.net\/en\/news\/marko-zink-videocity-st-poelten\/#primaryimage","url":"https:\/\/www.galerie-stock.net\/wp-content\/uploads\/zink_videocity.png","contentUrl":"https:\/\/www.galerie-stock.net\/wp-content\/uploads\/zink_videocity.png","width":1444,"height":1044},{"@type":"BreadcrumbList","@id":"https:\/\/www.galerie-stock.net\/en\/news\/marko-zink-videocity-st-poelten\/#breadcrumb","itemListElement":[{"@type":"ListItem","position":1,"name":"Startseite","item":"https:\/\/www.galerie-stock.net\/en\/"},{"@type":"ListItem","position":2,"name":"Marko Zink | Videocity St. P\u00f6lten"}]},{"@type":"WebSite","@id":"https:\/\/www.galerie-stock.net\/en\/#website","url":"https:\/\/www.galerie-stock.net\/en\/","name":"galerie | michaela | stock","description":"","publisher":{"@id":"https:\/\/www.galerie-stock.net\/en\/#organization"},"potentialAction":[{"@type":"SearchAction","target":{"@type":"EntryPoint","urlTemplate":"https:\/\/www.galerie-stock.net\/en\/?s={search_term_string}"},"query-input":{"@type":"PropertyValueSpecification","valueRequired":true,"valueName":"search_term_string"}}],"inLanguage":"en-US"},{"@type":"Organization","@id":"https:\/\/www.galerie-stock.net\/en\/#organization","name":"galerie michaela stock","url":"https:\/\/www.galerie-stock.net\/en\/","logo":{"@type":"ImageObject","inLanguage":"en-US","@id":"https:\/\/www.galerie-stock.net\/en\/#\/schema\/logo\/image\/","url":"https:\/\/www.galerie-stock.net\/wp-content\/uploads\/galerie-michaela-stock-logo.jpg","contentUrl":"https:\/\/www.galerie-stock.net\/wp-content\/uploads\/galerie-michaela-stock-logo.jpg","width":350,"height":31,"caption":"galerie michaela stock"},"image":{"@id":"https:\/\/www.galerie-stock.net\/en\/#\/schema\/logo\/image\/"},"sameAs":["https:\/\/www.facebook.com\/galeriemichaela.stock\/"]},{"@type":"Person","@id":"https:\/\/www.galerie-stock.net\/en\/#\/schema\/person\/ab7a0c51bd5279cc52e77d2cc189bf4c","name":"galerie-michaela-stock","image":{"@type":"ImageObject","inLanguage":"en-US","@id":"https:\/\/secure.gravatar.com\/avatar\/3bbb78925e28a4a58489933cfd317a82c322967d6352e9beae4c11aa4f6d278a?s=96&d=mm&r=g","url":"https:\/\/secure.gravatar.com\/avatar\/3bbb78925e28a4a58489933cfd317a82c322967d6352e9beae4c11aa4f6d278a?s=96&d=mm&r=g","contentUrl":"https:\/\/secure.gravatar.com\/avatar\/3bbb78925e28a4a58489933cfd317a82c322967d6352e9beae4c11aa4f6d278a?s=96&d=mm&r=g","caption":"galerie-michaela-stock"}}]}},"_links":{"self":[{"href":"https:\/\/www.galerie-stock.net\/en\/wp-json\/wp\/v2\/posts\/7965","targetHints":{"allow":["GET"]}}],"collection":[{"href":"https:\/\/www.galerie-stock.net\/en\/wp-json\/wp\/v2\/posts"}],"about":[{"href":"https:\/\/www.galerie-stock.net\/en\/wp-json\/wp\/v2\/types\/post"}],"author":[{"embeddable":true,"href":"https:\/\/www.galerie-stock.net\/en\/wp-json\/wp\/v2\/users\/2"}],"replies":[{"embeddable":true,"href":"https:\/\/www.galerie-stock.net\/en\/wp-json\/wp\/v2\/comments?post=7965"}],"version-history":[{"count":5,"href":"https:\/\/www.galerie-stock.net\/en\/wp-json\/wp\/v2\/posts\/7965\/revisions"}],"predecessor-version":[{"id":8054,"href":"https:\/\/www.galerie-stock.net\/en\/wp-json\/wp\/v2\/posts\/7965\/revisions\/8054"}],"wp:featuredmedia":[{"embeddable":true,"href":"https:\/\/www.galerie-stock.net\/en\/wp-json\/wp\/v2\/media\/7955"}],"wp:attachment":[{"href":"https:\/\/www.galerie-stock.net\/en\/wp-json\/wp\/v2\/media?parent=7965"}],"wp:term":[{"taxonomy":"category","embeddable":true,"href":"https:\/\/www.galerie-stock.net\/en\/wp-json\/wp\/v2\/categories?post=7965"},{"taxonomy":"post_tag","embeddable":true,"href":"https:\/\/www.galerie-stock.net\/en\/wp-json\/wp\/v2\/tags?post=7965"}],"curies":[{"name":"wp","href":"https:\/\/api.w.org\/{rel}","templated":true}]}}